{"id":1183,"date":"2026-04-25T17:54:47","date_gmt":"2026-04-25T15:54:47","guid":{"rendered":"https:\/\/librairie-lesoiseauxrares.fr\/?p=1183"},"modified":"2026-04-25T17:54:48","modified_gmt":"2026-04-25T15:54:48","slug":"rencontre-presentation-atelier-tisanes-et-reconnaissance-de-plantes-mercredi-20-mai-19h15","status":"publish","type":"post","link":"https:\/\/librairie-lesoiseauxrares.fr\/index.php\/2026\/04\/25\/rencontre-presentation-atelier-tisanes-et-reconnaissance-de-plantes-mercredi-20-mai-19h15\/","title":{"rendered":"Rencontre\/pr\u00e9sentation \u2013 Atelier tisanes et reconnaissance de plantes \u2013 Mercredi 20 mai 19h15"},"content":{"rendered":"\n<p id=\"block-a96fbe0c-c962-4ace-a73d-d176d3be0c42\"><strong>Mercredi 20 mai \u00e0 19h15<\/strong>, <strong>Thierry Folliard<\/strong> viendra nous pr\u00e9senter \u201c<strong>l\u2019encyclop\u00e9die de l\u2019herboristerie<\/strong>\u201d parue aux \u00e9ditions Ulmer le 19 mars 2026, et animera \u00e0 cette occasion un atelier de reconnaissance de plantes avec d\u00e9gustation de tisanes !<\/p>\n\n\n\n<figure class=\"wp-block-gallery has-nested-images columns-default is-cropped wp-block-gallery-2 is-layout-flex wp-block-gallery-is-layout-flex\">\n<figure class=\"wp-block-image size-large\"><img loading=\"lazy\" decoding=\"async\" width=\"724\" height=\"1024\" data-id=\"1185\" src=\"https:\/\/librairie-lesoiseauxrares.fr\/wp-content\/uploads\/2026\/04\/couverture-724x1024.jpg\" alt=\"\" class=\"wp-image-1185\" srcset=\"https:\/\/librairie-lesoiseauxrares.fr\/wp-content\/uploads\/2026\/04\/couverture-724x1024.jpg 724w, https:\/\/librairie-lesoiseauxrares.fr\/wp-content\/uploads\/2026\/04\/couverture-212x300.jpg 212w, https:\/\/librairie-lesoiseauxrares.fr\/wp-content\/uploads\/2026\/04\/couverture-768x1086.jpg 768w, https:\/\/librairie-lesoiseauxrares.fr\/wp-content\/uploads\/2026\/04\/couverture-1086x1536.jpg 1086w, https:\/\/librairie-lesoiseauxrares.fr\/wp-content\/uploads\/2026\/04\/couverture-1448x2048.jpg 1448w, https:\/\/librairie-lesoiseauxrares.fr\/wp-content\/uploads\/2026\/04\/couverture-scaled.jpg 1811w\" sizes=\"auto, (max-width: 724px) 100vw, 724px\" \/><\/figure>\n\n\n\n<figure class=\"wp-block-image size-large\"><img loading=\"lazy\" decoding=\"async\" width=\"600\" height=\"400\" data-id=\"1184\" src=\"https:\/\/librairie-lesoiseauxrares.fr\/wp-content\/uploads\/2026\/04\/TF-1.png\" alt=\"\" class=\"wp-image-1184\" srcset=\"https:\/\/librairie-lesoiseauxrares.fr\/wp-content\/uploads\/2026\/04\/TF-1.png 600w, https:\/\/librairie-lesoiseauxrares.fr\/wp-content\/uploads\/2026\/04\/TF-1-300x200.png 300w\" sizes=\"auto, (max-width: 600px) 100vw, 600px\" \/><\/figure>\n<\/figure>\n\n\n\n<p id=\"block-3cdb94f1-8ec5-4b70-808b-3da6bfcb6a3b\">170 plantes m\u00e9dicinales sauvages et du jardin, 700 rem\u00e8des \u00e0 faire soi-m\u00eame, 25 pr\u00e9parations de base\u2026 <strong>Micka\u00ebl Mary<\/strong>, paysan-herboriste, et <strong>Thierry Folliard<\/strong>, <strong>naturopathe depuis 20 ans<\/strong>,<br>proposent une encyclop\u00e9die de l\u2019herboristerie pour pr\u00e9venir, soulager et soigner les maux<br>du quotidien de toute la famille.<\/p>\n\n\n\n<p id=\"block-3cdb94f1-8ec5-4b70-808b-3da6bfcb6a3b\"><\/p>\n","protected":false},"excerpt":{"rendered":"<p>Mercredi 20 mai \u00e0 19h15, Thierry Folliard viendra nous pr\u00e9senter \u201cl\u2019encyclop\u00e9die de l\u2019herboristerie\u201d parue aux \u00e9ditions Ulmer le 19 mars 2026, et animera \u00e0 cette occasion un atelier de reconnaissance de plantes avec d\u00e9gustation de tisanes ! 170 plantes m\u00e9dicinales sauvages et du jardin, 700 rem\u00e8des \u00e0 faire soi-m\u00eame, 25 pr\u00e9parations de base\u2026 Micka\u00ebl Mary, [&hellip;]<\/p>\n","protected":false},"author":1,"featured_media":1184,"comment_status":"open","ping_status":"open","sticky":false,"template":"","format":"standard","meta":{"footnotes":""},"categories":[2,6],"tags":[30,26],"class_list":["post-1183","post","type-post","status-publish","format-standard","has-post-thumbnail","hentry","category-evenement","category-rencontre","tag-30","tag-a-venir"],"_links":{"self":[{"href":"https:\/\/librairie-lesoiseauxrares.fr\/index.php\/wp-json\/wp\/v2\/posts\/1183","targetHints":{"allow":["GET"]}}],"collection":[{"href":"https:\/\/librairie-lesoiseauxrares.fr\/index.php\/wp-json\/wp\/v2\/posts"}],"about":[{"href":"https:\/\/librairie-lesoiseauxrares.fr\/index.php\/wp-json\/wp\/v2\/types\/post"}],"author":[{"embeddable":true,"href":"https:\/\/librairie-lesoiseauxrares.fr\/index.php\/wp-json\/wp\/v2\/users\/1"}],"replies":[{"embeddable":true,"href":"https:\/\/librairie-lesoiseauxrares.fr\/index.php\/wp-json\/wp\/v2\/comments?post=1183"}],"version-history":[{"count":1,"href":"https:\/\/librairie-lesoiseauxrares.fr\/index.php\/wp-json\/wp\/v2\/posts\/1183\/revisions"}],"predecessor-version":[{"id":1186,"href":"https:\/\/librairie-lesoiseauxrares.fr\/index.php\/wp-json\/wp\/v2\/posts\/1183\/revisions\/1186"}],"wp:featuredmedia":[{"embeddable":true,"href":"https:\/\/librairie-lesoiseauxrares.fr\/index.php\/wp-json\/wp\/v2\/media\/1184"}],"wp:attachment":[{"href":"https:\/\/librairie-lesoiseauxrares.fr\/index.php\/wp-json\/wp\/v2\/media?parent=1183"}],"wp:term":[{"taxonomy":"category","embeddable":true,"href":"https:\/\/librairie-lesoiseauxrares.fr\/index.php\/wp-json\/wp\/v2\/categories?post=1183"},{"taxonomy":"post_tag","embeddable":true,"href":"https:\/\/librairie-lesoiseauxrares.fr\/index.php\/wp-json\/wp\/v2\/tags?post=1183"}],"curies":[{"name":"wp","href":"https:\/\/api.w.org\/{rel}","templated":true}]}}