{"id":1187,"date":"2026-04-25T18:13:41","date_gmt":"2026-04-25T16:13:41","guid":{"rendered":"https:\/\/librairie-lesoiseauxrares.fr\/?p=1187"},"modified":"2026-04-25T18:15:06","modified_gmt":"2026-04-25T16:15:06","slug":"soiree-rencontre-mercredi-13-mai-19h15","status":"publish","type":"post","link":"https:\/\/librairie-lesoiseauxrares.fr\/index.php\/2026\/04\/25\/soiree-rencontre-mercredi-13-mai-19h15\/","title":{"rendered":"Soir\u00e9e &#8211; Rencontre \u2013 Mercredi 13 mai 19h15"},"content":{"rendered":"\n<p id=\"block-85702aef-34e3-4fab-aba4-cf10ac2a94d5\"><strong>Mercredi 13 mai \u00e0 19h15<\/strong>, <strong>Caroline VAREILLE<\/strong> pr\u00e9sentera et d\u00e9dicacera son livre \u201c<strong><em>Pas de panique !<br>Assistante sociale aux Urgences<\/em><\/strong>\u201d \u00e0 para\u00eetre le 13 mai aux \u00e9ditions Deno\u00ebl. Elle sera interview\u00e9e par Matthieu Piccoli.<\/p>\n\n\n\n<p id=\"block-85702aef-34e3-4fab-aba4-cf10ac2a94d5\"><em>Le quotidien palpitant, tant\u00f4t cocasse, tant\u00f4t effr\u00e9n\u00e9 et bouleversant, d\u2019une assistante sociale \u00e0 la verve d\u00e9sarmante.<\/em><\/p>\n\n\n\n<figure class=\"wp-block-gallery has-nested-images columns-default is-cropped wp-block-gallery-2 is-layout-flex wp-block-gallery-is-layout-flex\">\n<figure class=\"wp-block-image size-large\"><img loading=\"lazy\" decoding=\"async\" width=\"651\" height=\"1024\" data-id=\"1188\" src=\"https:\/\/librairie-lesoiseauxrares.fr\/wp-content\/uploads\/2026\/04\/Caroline-Vareille-copyright-Olivier-Marty-reduit-651x1024.jpg\" alt=\"\" class=\"wp-image-1188\" srcset=\"https:\/\/librairie-lesoiseauxrares.fr\/wp-content\/uploads\/2026\/04\/Caroline-Vareille-copyright-Olivier-Marty-reduit-651x1024.jpg 651w, https:\/\/librairie-lesoiseauxrares.fr\/wp-content\/uploads\/2026\/04\/Caroline-Vareille-copyright-Olivier-Marty-reduit-191x300.jpg 191w, https:\/\/librairie-lesoiseauxrares.fr\/wp-content\/uploads\/2026\/04\/Caroline-Vareille-copyright-Olivier-Marty-reduit-768x1208.jpg 768w, https:\/\/librairie-lesoiseauxrares.fr\/wp-content\/uploads\/2026\/04\/Caroline-Vareille-copyright-Olivier-Marty-reduit-977x1536.jpg 977w, https:\/\/librairie-lesoiseauxrares.fr\/wp-content\/uploads\/2026\/04\/Caroline-Vareille-copyright-Olivier-Marty-reduit.jpg 1180w\" sizes=\"auto, (max-width: 651px) 100vw, 651px\" \/><figcaption class=\"wp-element-caption\"><strong>\u00a9 Olivier Marty<\/strong><\/figcaption><\/figure>\n\n\n\n<figure class=\"wp-block-image size-large\"><img loading=\"lazy\" decoding=\"async\" width=\"358\" height=\"524\" data-id=\"1189\" src=\"https:\/\/librairie-lesoiseauxrares.fr\/wp-content\/uploads\/2026\/04\/Pas-de-panique-red.png\" alt=\"\" class=\"wp-image-1189\" srcset=\"https:\/\/librairie-lesoiseauxrares.fr\/wp-content\/uploads\/2026\/04\/Pas-de-panique-red.png 358w, https:\/\/librairie-lesoiseauxrares.fr\/wp-content\/uploads\/2026\/04\/Pas-de-panique-red-205x300.png 205w\" sizes=\"auto, (max-width: 358px) 100vw, 358px\" \/><\/figure>\n<\/figure>\n","protected":false},"excerpt":{"rendered":"<p>Mercredi 13 mai \u00e0 19h15, Caroline VAREILLE pr\u00e9sentera et d\u00e9dicacera son livre \u201cPas de panique !Assistante sociale aux Urgences\u201d \u00e0 para\u00eetre le 13 mai aux \u00e9ditions Deno\u00ebl. Elle sera interview\u00e9e par Matthieu Piccoli. Le quotidien palpitant, tant\u00f4t cocasse, tant\u00f4t effr\u00e9n\u00e9 et bouleversant, d\u2019une assistante sociale \u00e0 la verve d\u00e9sarmante.<\/p>\n","protected":false},"author":1,"featured_media":1188,"comment_status":"open","ping_status":"open","sticky":false,"template":"","format":"standard","meta":{"footnotes":""},"categories":[2,6],"tags":[30,26],"class_list":["post-1187","post","type-post","status-publish","format-standard","has-post-thumbnail","hentry","category-evenement","category-rencontre","tag-30","tag-a-venir"],"_links":{"self":[{"href":"https:\/\/librairie-lesoiseauxrares.fr\/index.php\/wp-json\/wp\/v2\/posts\/1187","targetHints":{"allow":["GET"]}}],"collection":[{"href":"https:\/\/librairie-lesoiseauxrares.fr\/index.php\/wp-json\/wp\/v2\/posts"}],"about":[{"href":"https:\/\/librairie-lesoiseauxrares.fr\/index.php\/wp-json\/wp\/v2\/types\/post"}],"author":[{"embeddable":true,"href":"https:\/\/librairie-lesoiseauxrares.fr\/index.php\/wp-json\/wp\/v2\/users\/1"}],"replies":[{"embeddable":true,"href":"https:\/\/librairie-lesoiseauxrares.fr\/index.php\/wp-json\/wp\/v2\/comments?post=1187"}],"version-history":[{"count":1,"href":"https:\/\/librairie-lesoiseauxrares.fr\/index.php\/wp-json\/wp\/v2\/posts\/1187\/revisions"}],"predecessor-version":[{"id":1191,"href":"https:\/\/librairie-lesoiseauxrares.fr\/index.php\/wp-json\/wp\/v2\/posts\/1187\/revisions\/1191"}],"wp:featuredmedia":[{"embeddable":true,"href":"https:\/\/librairie-lesoiseauxrares.fr\/index.php\/wp-json\/wp\/v2\/media\/1188"}],"wp:attachment":[{"href":"https:\/\/librairie-lesoiseauxrares.fr\/index.php\/wp-json\/wp\/v2\/media?parent=1187"}],"wp:term":[{"taxonomy":"category","embeddable":true,"href":"https:\/\/librairie-lesoiseauxrares.fr\/index.php\/wp-json\/wp\/v2\/categories?post=1187"},{"taxonomy":"post_tag","embeddable":true,"href":"https:\/\/librairie-lesoiseauxrares.fr\/index.php\/wp-json\/wp\/v2\/tags?post=1187"}],"curies":[{"name":"wp","href":"https:\/\/api.w.org\/{rel}","templated":true}]}}